{"id":25477,"date":"2023-05-26T10:17:41","date_gmt":"2023-05-26T08:17:41","guid":{"rendered":"https:\/\/digpro.com\/?p=25477"},"modified":"2023-06-14T08:25:23","modified_gmt":"2023-06-14T06:25:23","slug":"energiomstallning-digitalisering-och-sakerhet-varmotet-2023","status":"publish","type":"post","link":"https:\/\/digpro.com\/sv\/nyheter\/energiomstallning-digitalisering-och-sakerhet-varmotet-2023\/","title":{"rendered":"Energiomst\u00e4llning, digitalisering och s\u00e4kerhet \u2013 V\u00e5rm\u00f6tet 2023"},"content":{"rendered":"<p>I ett Stockholm som badade i gyllene solsken var det \u00e4ntligen dags f\u00f6r \u00e5rets V\u00e5rm\u00f6te! \u00c4ven i \u00e5r var det deltagarrekord, d\u00e5 \u00f6ver 300 kunder och representanter samlades p\u00e5 Clarion Hotel Sign i centrala Stockholm under tv\u00e5 intensiva dagar. Som vanligt var det en blandning av presentationer, demonstrationer och diskussioner. Kv\u00e4llen bj\u00f6d p\u00e5 trer\u00e4tters middag och underh\u00e5llning, och under de regelbundna fikapauserna umgicks gamla v\u00e4nner, och nya bekantskaper kn\u00f6ts.<\/p>\n<figure id=\"attachment_25496\" aria-describedby=\"caption-attachment-25496\" style=\"width: 272px\" class=\"wp-caption alignleft\"><img fetchpriority=\"high\" decoding=\"async\" class=\"wp-image-25496 size-medium\" src=\"https:\/\/digpro.com\/wp-content\/uploads\/2023\/05\/News_Jonas-J-and-Jonas-V-272x300.jpg\" alt=\"\" width=\"272\" height=\"300\" srcset=\"https:\/\/digpro.com\/wp-content\/uploads\/2023\/05\/News_Jonas-J-and-Jonas-V-272x300.jpg 272w, https:\/\/digpro.com\/wp-content\/uploads\/2023\/05\/News_Jonas-J-and-Jonas-V.jpg 604w\" sizes=\"(max-width: 272px) 100vw, 272px\" \/><figcaption id=\"caption-attachment-25496\" class=\"wp-caption-text\">Jonas Jacobsson under V\u00e5rm\u00f6tets v\u00e4lkomstpresentation.<\/figcaption><\/figure>\n<p>\u201dDet blev otroligt lyckat\u201d, menar Jonas Jacobsson, Deputy CEO p\u00e5 Digpro. \u201dVi har m\u00e5nga nyheter fr\u00e5n senaste releasen, och \u00e4n fler planer f\u00f6r framtiden. \u00c4mnen som energiomst\u00e4llningen, digitalisering och s\u00e4kerhet \u00e4r alltid p\u00e5 agendan, och det var fantastiskt att ber\u00e4tta om Digpros planer f\u00f6r dessa, samt f\u00e5 \u00e5terkoppling fr\u00e5n v\u00e5ra kunder. Deras kunskap och erfarenhet \u00e4r en sann inspiration f\u00f6r mig, och vi tar med oss mycket fr\u00e5n dessa dagar till v\u00e5r framtida utveckling.\u201d<\/p>\n<p>&nbsp;<\/p>\n<p>&nbsp;<\/p>\n<figure id=\"attachment_25516\" aria-describedby=\"caption-attachment-25516\" style=\"width: 1024px\" class=\"wp-caption alignnone\"><img decoding=\"async\" class=\"wp-image-25516 size-large\" src=\"https:\/\/digpro.com\/wp-content\/uploads\/2023\/05\/LinkedIn-party_v03-1024x737.jpg\" alt=\"\" width=\"1024\" height=\"737\" srcset=\"https:\/\/digpro.com\/wp-content\/uploads\/2023\/05\/LinkedIn-party_v03-1024x737.jpg 1024w, https:\/\/digpro.com\/wp-content\/uploads\/2023\/05\/LinkedIn-party_v03-300x216.jpg 300w, https:\/\/digpro.com\/wp-content\/uploads\/2023\/05\/LinkedIn-party_v03-768x553.jpg 768w, https:\/\/digpro.com\/wp-content\/uploads\/2023\/05\/LinkedIn-party_v03.jpg 1111w\" sizes=\"(max-width: 1024px) 100vw, 1024px\" \/><figcaption id=\"caption-attachment-25516\" class=\"wp-caption-text\">Kv\u00e4llen bj\u00f6d p\u00e5 underh\u00e5llning, samt prat och skratt under middagen.<\/figcaption><\/figure>\n<p><em>Presentationerna fr\u00e5n V\u00e5rm\u00f6tet l\u00e4ggs l\u00f6pande upp i <a href=\"https:\/\/support.digpro.se\/\" target=\"_blank\" rel=\"noopener\">Topdesk<\/a> (inloggning kr\u00e4vs).<\/em><\/p>\n","protected":false},"excerpt":{"rendered":"<p>Det var \u00e4ntligen dags f\u00f6r \u00e5rets V\u00e5rm\u00f6te, och i centrala Stockholm samlades kunder och Digpros representanter f\u00f6r ett par givande dagar. <\/p>\n","protected":false},"author":4,"featured_media":25494,"comment_status":"closed","ping_status":"open","sticky":false,"template":"","format":"standard","meta":{"content-type":"","_monsterinsights_skip_tracking":false,"_monsterinsights_sitenote_active":false,"_monsterinsights_sitenote_note":"","_monsterinsights_sitenote_category":0,"site-sidebar-layout":"default","site-content-layout":"default","ast-site-content-layout":"default","site-content-style":"default","site-sidebar-style":"default","ast-global-header-display":"","ast-banner-title-visibility":"","ast-main-header-display":"","ast-hfb-above-header-display":"","ast-hfb-below-header-display":"","ast-hfb-mobile-header-display":"","site-post-title":"","ast-breadcrumbs-content":"","ast-featured-img":"","footer-sml-layout":"","ast-disable-related-posts":"","theme-transparent-header-meta":"default","adv-header-id-meta":"","stick-header-meta":"default","header-above-stick-meta":"","header-main-stick-meta":"","header-below-stick-meta":"","astra-migrate-meta-layouts":"default","ast-page-background-enabled":"default","ast-page-background-meta":{"desktop":{"background-color":"","background-image":"","background-repeat":"repeat","background-position":"center center","background-size":"auto","background-attachment":"scroll","background-type":"","background-media":"","overlay-type":"","overlay-color":"","overlay-opacity":"","overlay-gradient":""},"tablet":{"background-color":"","background-image":"","background-repeat":"repeat","background-position":"center center","background-size":"auto","background-attachment":"scroll","background-type":"","background-media":"","overlay-type":"","overlay-color":"","overlay-opacity":"","overlay-gradient":""},"mobile":{"background-color":"","background-image":"","background-repeat":"repeat","background-position":"center center","background-size":"auto","background-attachment":"scroll","background-type":"","background-media":"","overlay-type":"","overlay-color":"","overlay-opacity":"","overlay-gradient":""}},"ast-content-background-meta":{"desktop":{"background-color":"var(--ast-global-color-5)","background-image":"","background-repeat":"repeat","background-position":"center center","background-size":"auto","background-attachment":"scroll","background-type":"","background-media":"","overlay-type":"","overlay-color":"","overlay-opacity":"","overlay-gradient":""},"tablet":{"background-color":"var(--ast-global-color-5)","background-image":"","background-repeat":"repeat","background-position":"center center","background-size":"auto","background-attachment":"scroll","background-type":"","background-media":"","overlay-type":"","overlay-color":"","overlay-opacity":"","overlay-gradient":""},"mobile":{"background-color":"var(--ast-global-color-5)","background-image":"","background-repeat":"repeat","background-position":"center center","background-size":"auto","background-attachment":"scroll","background-type":"","background-media":"","overlay-type":"","overlay-color":"","overlay-opacity":"","overlay-gradient":""}},"footnotes":""},"categories":[32],"tags":[],"class_list":["post-25477","post","type-post","status-publish","format-standard","has-post-thumbnail","hentry","category-nyheter"],"yoast_head":"<!-- This site is optimized with the Yoast SEO plugin v26.9 - https:\/\/yoast.com\/product\/yoast-seo-wordpress\/ -->\n<title>Energiomst\u00e4llning, digitalisering och s\u00e4kerhet \u2013 V\u00e5rm\u00f6tet 2023 - Digpro (SE)<\/title>\n<meta name=\"description\" content=\"I dagarna h\u00f6lls Digpros \u00e5rliga V\u00e5rm\u00f6te, med teman som energiomst\u00e4llningen, digitalisering och s\u00e4kerhet.\" \/>\n<meta name=\"robots\" content=\"index, follow, max-snippet:-1, max-image-preview:large, max-video-preview:-1\" \/>\n<link rel=\"canonical\" href=\"https:\/\/digpro.com\/sv\/nyheter\/energiomstallning-digitalisering-och-sakerhet-varmotet-2023\/\" \/>\n<meta property=\"og:locale\" content=\"sv_SE\" \/>\n<meta property=\"og:type\" content=\"article\" \/>\n<meta property=\"og:title\" content=\"Energiomst\u00e4llning, digitalisering och s\u00e4kerhet \u2013 V\u00e5rm\u00f6tet 2023 - Digpro (SE)\" \/>\n<meta property=\"og:description\" content=\"I dagarna h\u00f6lls Digpros \u00e5rliga V\u00e5rm\u00f6te, med teman som energiomst\u00e4llningen, digitalisering och s\u00e4kerhet.\" \/>\n<meta property=\"og:url\" content=\"https:\/\/digpro.com\/sv\/nyheter\/energiomstallning-digitalisering-och-sakerhet-varmotet-2023\/\" \/>\n<meta property=\"og:site_name\" content=\"Digpro (SE)\" \/>\n<meta property=\"article:publisher\" content=\"https:\/\/www.facebook.com\/digproab\" \/>\n<meta property=\"article:published_time\" content=\"2023-05-26T08:17:41+00:00\" \/>\n<meta property=\"article:modified_time\" content=\"2023-06-14T06:25:23+00:00\" \/>\n<meta property=\"og:image\" content=\"https:\/\/digpro.com\/wp-content\/uploads\/2023\/05\/News_Varmote_Featured-Image_2023.jpg\" \/>\n\t<meta property=\"og:image:width\" content=\"1200\" \/>\n\t<meta property=\"og:image:height\" content=\"800\" \/>\n\t<meta property=\"og:image:type\" content=\"image\/jpeg\" \/>\n<meta name=\"author\" content=\"Barbara Schoell\" \/>\n<meta name=\"twitter:card\" content=\"summary_large_image\" \/>\n<meta name=\"twitter:label1\" content=\"Skriven av\" \/>\n\t<meta name=\"twitter:data1\" content=\"Barbara Schoell\" \/>\n\t<meta name=\"twitter:label2\" content=\"Ber\u00e4knad l\u00e4stid\" \/>\n\t<meta name=\"twitter:data2\" content=\"2 minuter\" \/>\n<script type=\"application\/ld+json\" class=\"yoast-schema-graph\">{\"@context\":\"https:\/\/schema.org\",\"@graph\":[{\"@type\":\"Article\",\"@id\":\"https:\/\/digpro.com\/sv\/nyheter\/energiomstallning-digitalisering-och-sakerhet-varmotet-2023\/#article\",\"isPartOf\":{\"@id\":\"https:\/\/digpro.com\/sv\/nyheter\/energiomstallning-digitalisering-och-sakerhet-varmotet-2023\/\"},\"author\":{\"name\":\"Barbara Schoell\",\"@id\":\"https:\/\/digpro.com\/sv\/#\/schema\/person\/5824a7dcc3f87318e6114bad8d03a075\"},\"headline\":\"Energiomst\u00e4llning, digitalisering och s\u00e4kerhet \u2013 V\u00e5rm\u00f6tet 2023\",\"datePublished\":\"2023-05-26T08:17:41+00:00\",\"dateModified\":\"2023-06-14T06:25:23+00:00\",\"mainEntityOfPage\":{\"@id\":\"https:\/\/digpro.com\/sv\/nyheter\/energiomstallning-digitalisering-och-sakerhet-varmotet-2023\/\"},\"wordCount\":225,\"publisher\":{\"@id\":\"https:\/\/digpro.com\/sv\/#organization\"},\"image\":{\"@id\":\"https:\/\/digpro.com\/sv\/nyheter\/energiomstallning-digitalisering-och-sakerhet-varmotet-2023\/#primaryimage\"},\"thumbnailUrl\":\"https:\/\/digpro.com\/wp-content\/uploads\/2023\/05\/News_Varmote_Featured-Image_2023.jpg\",\"articleSection\":[\"Nyheter\"],\"inLanguage\":\"sv-SE\"},{\"@type\":\"WebPage\",\"@id\":\"https:\/\/digpro.com\/sv\/nyheter\/energiomstallning-digitalisering-och-sakerhet-varmotet-2023\/\",\"url\":\"https:\/\/digpro.com\/sv\/nyheter\/energiomstallning-digitalisering-och-sakerhet-varmotet-2023\/\",\"name\":\"Energiomst\u00e4llning, digitalisering och s\u00e4kerhet \u2013 V\u00e5rm\u00f6tet 2023 - Digpro (SE)\",\"isPartOf\":{\"@id\":\"https:\/\/digpro.com\/sv\/#website\"},\"primaryImageOfPage\":{\"@id\":\"https:\/\/digpro.com\/sv\/nyheter\/energiomstallning-digitalisering-och-sakerhet-varmotet-2023\/#primaryimage\"},\"image\":{\"@id\":\"https:\/\/digpro.com\/sv\/nyheter\/energiomstallning-digitalisering-och-sakerhet-varmotet-2023\/#primaryimage\"},\"thumbnailUrl\":\"https:\/\/digpro.com\/wp-content\/uploads\/2023\/05\/News_Varmote_Featured-Image_2023.jpg\",\"datePublished\":\"2023-05-26T08:17:41+00:00\",\"dateModified\":\"2023-06-14T06:25:23+00:00\",\"description\":\"I dagarna h\u00f6lls Digpros \u00e5rliga V\u00e5rm\u00f6te, med teman som energiomst\u00e4llningen, digitalisering och s\u00e4kerhet.\",\"breadcrumb\":{\"@id\":\"https:\/\/digpro.com\/sv\/nyheter\/energiomstallning-digitalisering-och-sakerhet-varmotet-2023\/#breadcrumb\"},\"inLanguage\":\"sv-SE\",\"potentialAction\":[{\"@type\":\"ReadAction\",\"target\":[\"https:\/\/digpro.com\/sv\/nyheter\/energiomstallning-digitalisering-och-sakerhet-varmotet-2023\/\"]}]},{\"@type\":\"ImageObject\",\"inLanguage\":\"sv-SE\",\"@id\":\"https:\/\/digpro.com\/sv\/nyheter\/energiomstallning-digitalisering-och-sakerhet-varmotet-2023\/#primaryimage\",\"url\":\"https:\/\/digpro.com\/wp-content\/uploads\/2023\/05\/News_Varmote_Featured-Image_2023.jpg\",\"contentUrl\":\"https:\/\/digpro.com\/wp-content\/uploads\/2023\/05\/News_Varmote_Featured-Image_2023.jpg\",\"width\":1200,\"height\":800},{\"@type\":\"BreadcrumbList\",\"@id\":\"https:\/\/digpro.com\/sv\/nyheter\/energiomstallning-digitalisering-och-sakerhet-varmotet-2023\/#breadcrumb\",\"itemListElement\":[{\"@type\":\"ListItem\",\"position\":1,\"name\":\"Home\",\"item\":\"https:\/\/digpro.com\/sv\/\"},{\"@type\":\"ListItem\",\"position\":2,\"name\":\"Energiomst\u00e4llning, digitalisering och s\u00e4kerhet \u2013 V\u00e5rm\u00f6tet 2023\"}]},{\"@type\":\"WebSite\",\"@id\":\"https:\/\/digpro.com\/sv\/#website\",\"url\":\"https:\/\/digpro.com\/sv\/\",\"name\":\"Digpro (SE)\",\"description\":\"Leading geographic information technologies\",\"publisher\":{\"@id\":\"https:\/\/digpro.com\/sv\/#organization\"},\"potentialAction\":[{\"@type\":\"SearchAction\",\"target\":{\"@type\":\"EntryPoint\",\"urlTemplate\":\"https:\/\/digpro.com\/sv\/?s={search_term_string}\"},\"query-input\":{\"@type\":\"PropertyValueSpecification\",\"valueRequired\":true,\"valueName\":\"search_term_string\"}}],\"inLanguage\":\"sv-SE\"},{\"@type\":\"Organization\",\"@id\":\"https:\/\/digpro.com\/sv\/#organization\",\"name\":\"Digpro\",\"url\":\"https:\/\/digpro.com\/sv\/\",\"logo\":{\"@type\":\"ImageObject\",\"inLanguage\":\"sv-SE\",\"@id\":\"https:\/\/digpro.com\/sv\/#\/schema\/logo\/image\/\",\"url\":\"https:\/\/digpro.com\/wp-content\/uploads\/2020\/09\/1_Digpro_logo_vektor_pos.svg\",\"contentUrl\":\"https:\/\/digpro.com\/wp-content\/uploads\/2020\/09\/1_Digpro_logo_vektor_pos.svg\",\"width\":1,\"height\":1,\"caption\":\"Digpro\"},\"image\":{\"@id\":\"https:\/\/digpro.com\/sv\/#\/schema\/logo\/image\/\"},\"sameAs\":[\"https:\/\/www.facebook.com\/digproab\",\"https:\/\/www.instagram.com\/lifeatdigpro\/\",\"https:\/\/www.linkedin.com\/company\/digpro-ab\/\"]},{\"@type\":\"Person\",\"@id\":\"https:\/\/digpro.com\/sv\/#\/schema\/person\/5824a7dcc3f87318e6114bad8d03a075\",\"name\":\"Barbara Schoell\",\"image\":{\"@type\":\"ImageObject\",\"inLanguage\":\"sv-SE\",\"@id\":\"https:\/\/digpro.com\/sv\/#\/schema\/person\/image\/\",\"url\":\"https:\/\/secure.gravatar.com\/avatar\/ddc3f7536818bc02a7cf55d9dcb713728324aeb9573549230fdf879fe8e49593?s=96&d=mm&r=g\",\"contentUrl\":\"https:\/\/secure.gravatar.com\/avatar\/ddc3f7536818bc02a7cf55d9dcb713728324aeb9573549230fdf879fe8e49593?s=96&d=mm&r=g\",\"caption\":\"Barbara Schoell\"}}]}<\/script>\n<!-- \/ Yoast SEO plugin. -->","yoast_head_json":{"title":"Energiomst\u00e4llning, digitalisering och s\u00e4kerhet \u2013 V\u00e5rm\u00f6tet 2023 - Digpro (SE)","description":"I dagarna h\u00f6lls Digpros \u00e5rliga V\u00e5rm\u00f6te, med teman som energiomst\u00e4llningen, digitalisering och s\u00e4kerhet.","robots":{"index":"index","follow":"follow","max-snippet":"max-snippet:-1","max-image-preview":"max-image-preview:large","max-video-preview":"max-video-preview:-1"},"canonical":"https:\/\/digpro.com\/sv\/nyheter\/energiomstallning-digitalisering-och-sakerhet-varmotet-2023\/","og_locale":"sv_SE","og_type":"article","og_title":"Energiomst\u00e4llning, digitalisering och s\u00e4kerhet \u2013 V\u00e5rm\u00f6tet 2023 - Digpro (SE)","og_description":"I dagarna h\u00f6lls Digpros \u00e5rliga V\u00e5rm\u00f6te, med teman som energiomst\u00e4llningen, digitalisering och s\u00e4kerhet.","og_url":"https:\/\/digpro.com\/sv\/nyheter\/energiomstallning-digitalisering-och-sakerhet-varmotet-2023\/","og_site_name":"Digpro (SE)","article_publisher":"https:\/\/www.facebook.com\/digproab","article_published_time":"2023-05-26T08:17:41+00:00","article_modified_time":"2023-06-14T06:25:23+00:00","og_image":[{"width":1200,"height":800,"url":"https:\/\/digpro.com\/wp-content\/uploads\/2023\/05\/News_Varmote_Featured-Image_2023.jpg","type":"image\/jpeg"}],"author":"Barbara Schoell","twitter_card":"summary_large_image","twitter_misc":{"Skriven av":"Barbara Schoell","Ber\u00e4knad l\u00e4stid":"2 minuter"},"schema":{"@context":"https:\/\/schema.org","@graph":[{"@type":"Article","@id":"https:\/\/digpro.com\/sv\/nyheter\/energiomstallning-digitalisering-och-sakerhet-varmotet-2023\/#article","isPartOf":{"@id":"https:\/\/digpro.com\/sv\/nyheter\/energiomstallning-digitalisering-och-sakerhet-varmotet-2023\/"},"author":{"name":"Barbara Schoell","@id":"https:\/\/digpro.com\/sv\/#\/schema\/person\/5824a7dcc3f87318e6114bad8d03a075"},"headline":"Energiomst\u00e4llning, digitalisering och s\u00e4kerhet \u2013 V\u00e5rm\u00f6tet 2023","datePublished":"2023-05-26T08:17:41+00:00","dateModified":"2023-06-14T06:25:23+00:00","mainEntityOfPage":{"@id":"https:\/\/digpro.com\/sv\/nyheter\/energiomstallning-digitalisering-och-sakerhet-varmotet-2023\/"},"wordCount":225,"publisher":{"@id":"https:\/\/digpro.com\/sv\/#organization"},"image":{"@id":"https:\/\/digpro.com\/sv\/nyheter\/energiomstallning-digitalisering-och-sakerhet-varmotet-2023\/#primaryimage"},"thumbnailUrl":"https:\/\/digpro.com\/wp-content\/uploads\/2023\/05\/News_Varmote_Featured-Image_2023.jpg","articleSection":["Nyheter"],"inLanguage":"sv-SE"},{"@type":"WebPage","@id":"https:\/\/digpro.com\/sv\/nyheter\/energiomstallning-digitalisering-och-sakerhet-varmotet-2023\/","url":"https:\/\/digpro.com\/sv\/nyheter\/energiomstallning-digitalisering-och-sakerhet-varmotet-2023\/","name":"Energiomst\u00e4llning, digitalisering och s\u00e4kerhet \u2013 V\u00e5rm\u00f6tet 2023 - Digpro (SE)","isPartOf":{"@id":"https:\/\/digpro.com\/sv\/#website"},"primaryImageOfPage":{"@id":"https:\/\/digpro.com\/sv\/nyheter\/energiomstallning-digitalisering-och-sakerhet-varmotet-2023\/#primaryimage"},"image":{"@id":"https:\/\/digpro.com\/sv\/nyheter\/energiomstallning-digitalisering-och-sakerhet-varmotet-2023\/#primaryimage"},"thumbnailUrl":"https:\/\/digpro.com\/wp-content\/uploads\/2023\/05\/News_Varmote_Featured-Image_2023.jpg","datePublished":"2023-05-26T08:17:41+00:00","dateModified":"2023-06-14T06:25:23+00:00","description":"I dagarna h\u00f6lls Digpros \u00e5rliga V\u00e5rm\u00f6te, med teman som energiomst\u00e4llningen, digitalisering och s\u00e4kerhet.","breadcrumb":{"@id":"https:\/\/digpro.com\/sv\/nyheter\/energiomstallning-digitalisering-och-sakerhet-varmotet-2023\/#breadcrumb"},"inLanguage":"sv-SE","potentialAction":[{"@type":"ReadAction","target":["https:\/\/digpro.com\/sv\/nyheter\/energiomstallning-digitalisering-och-sakerhet-varmotet-2023\/"]}]},{"@type":"ImageObject","inLanguage":"sv-SE","@id":"https:\/\/digpro.com\/sv\/nyheter\/energiomstallning-digitalisering-och-sakerhet-varmotet-2023\/#primaryimage","url":"https:\/\/digpro.com\/wp-content\/uploads\/2023\/05\/News_Varmote_Featured-Image_2023.jpg","contentUrl":"https:\/\/digpro.com\/wp-content\/uploads\/2023\/05\/News_Varmote_Featured-Image_2023.jpg","width":1200,"height":800},{"@type":"BreadcrumbList","@id":"https:\/\/digpro.com\/sv\/nyheter\/energiomstallning-digitalisering-och-sakerhet-varmotet-2023\/#breadcrumb","itemListElement":[{"@type":"ListItem","position":1,"name":"Home","item":"https:\/\/digpro.com\/sv\/"},{"@type":"ListItem","position":2,"name":"Energiomst\u00e4llning, digitalisering och s\u00e4kerhet \u2013 V\u00e5rm\u00f6tet 2023"}]},{"@type":"WebSite","@id":"https:\/\/digpro.com\/sv\/#website","url":"https:\/\/digpro.com\/sv\/","name":"Digpro (SE)","description":"Leading geographic information technologies","publisher":{"@id":"https:\/\/digpro.com\/sv\/#organization"},"potentialAction":[{"@type":"SearchAction","target":{"@type":"EntryPoint","urlTemplate":"https:\/\/digpro.com\/sv\/?s={search_term_string}"},"query-input":{"@type":"PropertyValueSpecification","valueRequired":true,"valueName":"search_term_string"}}],"inLanguage":"sv-SE"},{"@type":"Organization","@id":"https:\/\/digpro.com\/sv\/#organization","name":"Digpro","url":"https:\/\/digpro.com\/sv\/","logo":{"@type":"ImageObject","inLanguage":"sv-SE","@id":"https:\/\/digpro.com\/sv\/#\/schema\/logo\/image\/","url":"https:\/\/digpro.com\/wp-content\/uploads\/2020\/09\/1_Digpro_logo_vektor_pos.svg","contentUrl":"https:\/\/digpro.com\/wp-content\/uploads\/2020\/09\/1_Digpro_logo_vektor_pos.svg","width":1,"height":1,"caption":"Digpro"},"image":{"@id":"https:\/\/digpro.com\/sv\/#\/schema\/logo\/image\/"},"sameAs":["https:\/\/www.facebook.com\/digproab","https:\/\/www.instagram.com\/lifeatdigpro\/","https:\/\/www.linkedin.com\/company\/digpro-ab\/"]},{"@type":"Person","@id":"https:\/\/digpro.com\/sv\/#\/schema\/person\/5824a7dcc3f87318e6114bad8d03a075","name":"Barbara Schoell","image":{"@type":"ImageObject","inLanguage":"sv-SE","@id":"https:\/\/digpro.com\/sv\/#\/schema\/person\/image\/","url":"https:\/\/secure.gravatar.com\/avatar\/ddc3f7536818bc02a7cf55d9dcb713728324aeb9573549230fdf879fe8e49593?s=96&d=mm&r=g","contentUrl":"https:\/\/secure.gravatar.com\/avatar\/ddc3f7536818bc02a7cf55d9dcb713728324aeb9573549230fdf879fe8e49593?s=96&d=mm&r=g","caption":"Barbara Schoell"}}]}},"publishpress_future_action":{"enabled":false,"date":"2026-05-07 01:32:21","action":"change-status","newStatus":"draft","terms":[],"taxonomy":"category","extraData":[]},"publishpress_future_workflow_manual_trigger":{"enabledWorkflows":[]},"_links":{"self":[{"href":"https:\/\/digpro.com\/sv\/wp-json\/wp\/v2\/posts\/25477","targetHints":{"allow":["GET"]}}],"collection":[{"href":"https:\/\/digpro.com\/sv\/wp-json\/wp\/v2\/posts"}],"about":[{"href":"https:\/\/digpro.com\/sv\/wp-json\/wp\/v2\/types\/post"}],"author":[{"embeddable":true,"href":"https:\/\/digpro.com\/sv\/wp-json\/wp\/v2\/users\/4"}],"replies":[{"embeddable":true,"href":"https:\/\/digpro.com\/sv\/wp-json\/wp\/v2\/comments?post=25477"}],"version-history":[{"count":0,"href":"https:\/\/digpro.com\/sv\/wp-json\/wp\/v2\/posts\/25477\/revisions"}],"wp:featuredmedia":[{"embeddable":true,"href":"https:\/\/digpro.com\/sv\/wp-json\/wp\/v2\/media\/25494"}],"wp:attachment":[{"href":"https:\/\/digpro.com\/sv\/wp-json\/wp\/v2\/media?parent=25477"}],"wp:term":[{"taxonomy":"category","embeddable":true,"href":"https:\/\/digpro.com\/sv\/wp-json\/wp\/v2\/categories?post=25477"},{"taxonomy":"post_tag","embeddable":true,"href":"https:\/\/digpro.com\/sv\/wp-json\/wp\/v2\/tags?post=25477"}],"curies":[{"name":"wp","href":"https:\/\/api.w.org\/{rel}","templated":true}]}}