{"id":34453,"date":"2024-08-27T09:47:58","date_gmt":"2024-08-27T07:47:58","guid":{"rendered":"https:\/\/digpro.com\/?p=34453"},"modified":"2024-08-28T14:42:03","modified_gmt":"2024-08-28T12:42:03","slug":"digpro-valkomnar-nya-kunder-inom-telekom","status":"publish","type":"post","link":"https:\/\/digpro.com\/sv\/nyheter\/digpro-valkomnar-nya-kunder-inom-telekom\/","title":{"rendered":"Digpro v\u00e4lkomnar nya kunder inom telekom"},"content":{"rendered":"<p>Under sommaren har ett antal kunder best\u00e4mt sig f\u00f6r att anv\u00e4nda <a href=\"https:\/\/digpro.com\/sv\/produkter\/dpcom\/\" target=\"_blank\" rel=\"noopener\">dpCom<\/a>. Vi v\u00e4lkomnar:<\/p>\n<ul>\n<li><strong><a href=\"https:\/\/morakommun.se\/\" target=\"_blank\" rel=\"noopener\">Mora<\/a> <a href=\"https:\/\/orsa.se\/\" target=\"_blank\" rel=\"noopener\">Orsa<\/a> <a href=\"https:\/\/www.alvdalen.se\/\" target=\"_blank\" rel=\"noopener\">\u00c4lvdalen<\/a> kommun<\/strong><\/li>\n<li><strong><a href=\"https:\/\/www.esem.se\/\" target=\"_blank\" rel=\"noopener\">Eskilstuna Str\u00e4ngn\u00e4s energi och milj\u00f6<\/a><\/strong><\/li>\n<li><strong><a href=\"https:\/\/www.vokby.se\/\" target=\"_blank\" rel=\"noopener\">V\u00f6kby Bredband AB<\/a><\/strong><\/li>\n<li><strong><a href=\"https:\/\/edel.ee\/en\/\" target=\"_blank\" rel=\"noopener\">Edelaraudtee AS<\/a><\/strong><\/li>\n<li><strong><a href=\"https:\/\/www.savman.se\" target=\"_blank\" rel=\"noopener\">SavMan<\/a> (S\u00e4vsj\u00f6 kommun)<\/strong><\/li>\n<li><strong><a href=\"https:\/\/www.citynatet.se\/\" target=\"_blank\" rel=\"noopener\">Cityn\u00e4tet i N\u00e4ssj\u00f6 AB<\/a><\/strong><\/li>\n<\/ul>\n<p>Med dpCom kan fibern\u00e4t\u00e4gare skapa en digital tvilling av sitt n\u00e4t, och leverera stabil internetuppkoppling till sina kunder. Mer information om dpCom f\u00e5r du av <a href=\"mailto:joel.pirard@digpro.se\">Joel Pirard<\/a>, VP Sales Telecom.<\/p>\n","protected":false},"excerpt":{"rendered":"<p>Under sommaren har inte mindre \u00e4n sex f\u00f6retag fattat beslutet att anv\u00e4nda dpCom som st\u00f6d f\u00f6r sin fiberverksamhet. <\/p>\n","protected":false},"author":4,"featured_media":34462,"comment_status":"closed","ping_status":"open","sticky":false,"template":"","format":"standard","meta":{"content-type":"","_monsterinsights_skip_tracking":false,"_monsterinsights_sitenote_active":false,"_monsterinsights_sitenote_note":"","_monsterinsights_sitenote_category":0,"site-sidebar-layout":"default","site-content-layout":"","ast-site-content-layout":"default","site-content-style":"default","site-sidebar-style":"default","ast-global-header-display":"","ast-banner-title-visibility":"","ast-main-header-display":"","ast-hfb-above-header-display":"","ast-hfb-below-header-display":"","ast-hfb-mobile-header-display":"","site-post-title":"","ast-breadcrumbs-content":"","ast-featured-img":"","footer-sml-layout":"","ast-disable-related-posts":"","theme-transparent-header-meta":"default","adv-header-id-meta":"","stick-header-meta":"default","header-above-stick-meta":"","header-main-stick-meta":"","header-below-stick-meta":"","astra-migrate-meta-layouts":"set","ast-page-background-enabled":"default","ast-page-background-meta":{"desktop":{"background-color":"","background-image":"","background-repeat":"repeat","background-position":"center center","background-size":"auto","background-attachment":"scroll","background-type":"","background-media":"","overlay-type":"","overlay-color":"","overlay-opacity":"","overlay-gradient":""},"tablet":{"background-color":"","background-image":"","background-repeat":"repeat","background-position":"center center","background-size":"auto","background-attachment":"scroll","background-type":"","background-media":"","overlay-type":"","overlay-color":"","overlay-opacity":"","overlay-gradient":""},"mobile":{"background-color":"","background-image":"","background-repeat":"repeat","background-position":"center center","background-size":"auto","background-attachment":"scroll","background-type":"","background-media":"","overlay-type":"","overlay-color":"","overlay-opacity":"","overlay-gradient":""}},"ast-content-background-meta":{"desktop":{"background-color":"var(--ast-global-color-5)","background-image":"","background-repeat":"repeat","background-position":"center center","background-size":"auto","background-attachment":"scroll","background-type":"","background-media":"","overlay-type":"","overlay-color":"","overlay-opacity":"","overlay-gradient":""},"tablet":{"background-color":"var(--ast-global-color-5)","background-image":"","background-repeat":"repeat","background-position":"center center","background-size":"auto","background-attachment":"scroll","background-type":"","background-media":"","overlay-type":"","overlay-color":"","overlay-opacity":"","overlay-gradient":""},"mobile":{"background-color":"var(--ast-global-color-5)","background-image":"","background-repeat":"repeat","background-position":"center center","background-size":"auto","background-attachment":"scroll","background-type":"","background-media":"","overlay-type":"","overlay-color":"","overlay-opacity":"","overlay-gradient":""}},"footnotes":""},"categories":[32],"tags":[],"class_list":["post-34453","post","type-post","status-publish","format-standard","has-post-thumbnail","hentry","category-nyheter"],"yoast_head":"<!-- This site is optimized with the Yoast SEO plugin v26.9 - https:\/\/yoast.com\/product\/yoast-seo-wordpress\/ -->\n<title>Digpro v\u00e4lkomnar nya kunder inom telekom - Digpro (SE)<\/title>\n<meta name=\"description\" content=\"Under sommaren har inte mindre \u00e4n sex f\u00f6retag fattat beslutet att anv\u00e4nda dpCom som st\u00f6d f\u00f6r sin fiberverksamhet.\" \/>\n<meta name=\"robots\" content=\"index, follow, max-snippet:-1, max-image-preview:large, max-video-preview:-1\" \/>\n<link rel=\"canonical\" href=\"https:\/\/digpro.com\/sv\/nyheter\/digpro-valkomnar-nya-kunder-inom-telekom\/\" \/>\n<meta property=\"og:locale\" content=\"sv_SE\" \/>\n<meta property=\"og:type\" content=\"article\" \/>\n<meta property=\"og:title\" content=\"Digpro v\u00e4lkomnar nya kunder inom telekom - Digpro (SE)\" \/>\n<meta property=\"og:description\" content=\"Under sommaren har inte mindre \u00e4n sex f\u00f6retag fattat beslutet att anv\u00e4nda dpCom som st\u00f6d f\u00f6r sin fiberverksamhet.\" \/>\n<meta property=\"og:url\" content=\"https:\/\/digpro.com\/sv\/nyheter\/digpro-valkomnar-nya-kunder-inom-telekom\/\" \/>\n<meta property=\"og:site_name\" content=\"Digpro (SE)\" \/>\n<meta property=\"article:publisher\" content=\"https:\/\/www.facebook.com\/digproab\" \/>\n<meta property=\"article:published_time\" content=\"2024-08-27T07:47:58+00:00\" \/>\n<meta property=\"article:modified_time\" content=\"2024-08-28T12:42:03+00:00\" \/>\n<meta property=\"og:image\" content=\"https:\/\/digpro.com\/wp-content\/uploads\/2024\/08\/News_new-customers-summer-2024.jpg\" \/>\n\t<meta property=\"og:image:width\" content=\"1200\" \/>\n\t<meta property=\"og:image:height\" content=\"800\" \/>\n\t<meta property=\"og:image:type\" content=\"image\/jpeg\" \/>\n<meta name=\"author\" content=\"Barbara Schoell\" \/>\n<meta name=\"twitter:card\" content=\"summary_large_image\" \/>\n<meta name=\"twitter:label1\" content=\"Skriven av\" \/>\n\t<meta name=\"twitter:data1\" content=\"Barbara Schoell\" \/>\n\t<meta name=\"twitter:label2\" content=\"Ber\u00e4knad l\u00e4stid\" \/>\n\t<meta name=\"twitter:data2\" content=\"1 minut\" \/>\n<script type=\"application\/ld+json\" class=\"yoast-schema-graph\">{\"@context\":\"https:\/\/schema.org\",\"@graph\":[{\"@type\":\"Article\",\"@id\":\"https:\/\/digpro.com\/sv\/nyheter\/digpro-valkomnar-nya-kunder-inom-telekom\/#article\",\"isPartOf\":{\"@id\":\"https:\/\/digpro.com\/sv\/nyheter\/digpro-valkomnar-nya-kunder-inom-telekom\/\"},\"author\":{\"name\":\"Barbara Schoell\",\"@id\":\"https:\/\/digpro.com\/sv\/#\/schema\/person\/5824a7dcc3f87318e6114bad8d03a075\"},\"headline\":\"Digpro v\u00e4lkomnar nya kunder inom telekom\",\"datePublished\":\"2024-08-27T07:47:58+00:00\",\"dateModified\":\"2024-08-28T12:42:03+00:00\",\"mainEntityOfPage\":{\"@id\":\"https:\/\/digpro.com\/sv\/nyheter\/digpro-valkomnar-nya-kunder-inom-telekom\/\"},\"wordCount\":86,\"publisher\":{\"@id\":\"https:\/\/digpro.com\/sv\/#organization\"},\"image\":{\"@id\":\"https:\/\/digpro.com\/sv\/nyheter\/digpro-valkomnar-nya-kunder-inom-telekom\/#primaryimage\"},\"thumbnailUrl\":\"https:\/\/digpro.com\/wp-content\/uploads\/2024\/08\/News_new-customers-summer-2024.jpg\",\"articleSection\":[\"Nyheter\"],\"inLanguage\":\"sv-SE\"},{\"@type\":\"WebPage\",\"@id\":\"https:\/\/digpro.com\/sv\/nyheter\/digpro-valkomnar-nya-kunder-inom-telekom\/\",\"url\":\"https:\/\/digpro.com\/sv\/nyheter\/digpro-valkomnar-nya-kunder-inom-telekom\/\",\"name\":\"Digpro v\u00e4lkomnar nya kunder inom telekom - Digpro (SE)\",\"isPartOf\":{\"@id\":\"https:\/\/digpro.com\/sv\/#website\"},\"primaryImageOfPage\":{\"@id\":\"https:\/\/digpro.com\/sv\/nyheter\/digpro-valkomnar-nya-kunder-inom-telekom\/#primaryimage\"},\"image\":{\"@id\":\"https:\/\/digpro.com\/sv\/nyheter\/digpro-valkomnar-nya-kunder-inom-telekom\/#primaryimage\"},\"thumbnailUrl\":\"https:\/\/digpro.com\/wp-content\/uploads\/2024\/08\/News_new-customers-summer-2024.jpg\",\"datePublished\":\"2024-08-27T07:47:58+00:00\",\"dateModified\":\"2024-08-28T12:42:03+00:00\",\"description\":\"Under sommaren har inte mindre \u00e4n sex f\u00f6retag fattat beslutet att anv\u00e4nda dpCom som st\u00f6d f\u00f6r sin fiberverksamhet.\",\"breadcrumb\":{\"@id\":\"https:\/\/digpro.com\/sv\/nyheter\/digpro-valkomnar-nya-kunder-inom-telekom\/#breadcrumb\"},\"inLanguage\":\"sv-SE\",\"potentialAction\":[{\"@type\":\"ReadAction\",\"target\":[\"https:\/\/digpro.com\/sv\/nyheter\/digpro-valkomnar-nya-kunder-inom-telekom\/\"]}]},{\"@type\":\"ImageObject\",\"inLanguage\":\"sv-SE\",\"@id\":\"https:\/\/digpro.com\/sv\/nyheter\/digpro-valkomnar-nya-kunder-inom-telekom\/#primaryimage\",\"url\":\"https:\/\/digpro.com\/wp-content\/uploads\/2024\/08\/News_new-customers-summer-2024.jpg\",\"contentUrl\":\"https:\/\/digpro.com\/wp-content\/uploads\/2024\/08\/News_new-customers-summer-2024.jpg\",\"width\":1200,\"height\":800},{\"@type\":\"BreadcrumbList\",\"@id\":\"https:\/\/digpro.com\/sv\/nyheter\/digpro-valkomnar-nya-kunder-inom-telekom\/#breadcrumb\",\"itemListElement\":[{\"@type\":\"ListItem\",\"position\":1,\"name\":\"Home\",\"item\":\"https:\/\/digpro.com\/sv\/\"},{\"@type\":\"ListItem\",\"position\":2,\"name\":\"Digpro v\u00e4lkomnar nya kunder inom telekom\"}]},{\"@type\":\"WebSite\",\"@id\":\"https:\/\/digpro.com\/sv\/#website\",\"url\":\"https:\/\/digpro.com\/sv\/\",\"name\":\"Digpro (SE)\",\"description\":\"Leading geographic information technologies\",\"publisher\":{\"@id\":\"https:\/\/digpro.com\/sv\/#organization\"},\"potentialAction\":[{\"@type\":\"SearchAction\",\"target\":{\"@type\":\"EntryPoint\",\"urlTemplate\":\"https:\/\/digpro.com\/sv\/?s={search_term_string}\"},\"query-input\":{\"@type\":\"PropertyValueSpecification\",\"valueRequired\":true,\"valueName\":\"search_term_string\"}}],\"inLanguage\":\"sv-SE\"},{\"@type\":\"Organization\",\"@id\":\"https:\/\/digpro.com\/sv\/#organization\",\"name\":\"Digpro\",\"url\":\"https:\/\/digpro.com\/sv\/\",\"logo\":{\"@type\":\"ImageObject\",\"inLanguage\":\"sv-SE\",\"@id\":\"https:\/\/digpro.com\/sv\/#\/schema\/logo\/image\/\",\"url\":\"https:\/\/digpro.com\/wp-content\/uploads\/2020\/09\/1_Digpro_logo_vektor_pos.svg\",\"contentUrl\":\"https:\/\/digpro.com\/wp-content\/uploads\/2020\/09\/1_Digpro_logo_vektor_pos.svg\",\"width\":1,\"height\":1,\"caption\":\"Digpro\"},\"image\":{\"@id\":\"https:\/\/digpro.com\/sv\/#\/schema\/logo\/image\/\"},\"sameAs\":[\"https:\/\/www.facebook.com\/digproab\",\"https:\/\/www.instagram.com\/lifeatdigpro\/\",\"https:\/\/www.linkedin.com\/company\/digpro-ab\/\"]},{\"@type\":\"Person\",\"@id\":\"https:\/\/digpro.com\/sv\/#\/schema\/person\/5824a7dcc3f87318e6114bad8d03a075\",\"name\":\"Barbara Schoell\",\"image\":{\"@type\":\"ImageObject\",\"inLanguage\":\"sv-SE\",\"@id\":\"https:\/\/digpro.com\/sv\/#\/schema\/person\/image\/\",\"url\":\"https:\/\/secure.gravatar.com\/avatar\/ddc3f7536818bc02a7cf55d9dcb713728324aeb9573549230fdf879fe8e49593?s=96&d=mm&r=g\",\"contentUrl\":\"https:\/\/secure.gravatar.com\/avatar\/ddc3f7536818bc02a7cf55d9dcb713728324aeb9573549230fdf879fe8e49593?s=96&d=mm&r=g\",\"caption\":\"Barbara Schoell\"}}]}<\/script>\n<!-- \/ Yoast SEO plugin. -->","yoast_head_json":{"title":"Digpro v\u00e4lkomnar nya kunder inom telekom - Digpro (SE)","description":"Under sommaren har inte mindre \u00e4n sex f\u00f6retag fattat beslutet att anv\u00e4nda dpCom som st\u00f6d f\u00f6r sin fiberverksamhet.","robots":{"index":"index","follow":"follow","max-snippet":"max-snippet:-1","max-image-preview":"max-image-preview:large","max-video-preview":"max-video-preview:-1"},"canonical":"https:\/\/digpro.com\/sv\/nyheter\/digpro-valkomnar-nya-kunder-inom-telekom\/","og_locale":"sv_SE","og_type":"article","og_title":"Digpro v\u00e4lkomnar nya kunder inom telekom - Digpro (SE)","og_description":"Under sommaren har inte mindre \u00e4n sex f\u00f6retag fattat beslutet att anv\u00e4nda dpCom som st\u00f6d f\u00f6r sin fiberverksamhet.","og_url":"https:\/\/digpro.com\/sv\/nyheter\/digpro-valkomnar-nya-kunder-inom-telekom\/","og_site_name":"Digpro (SE)","article_publisher":"https:\/\/www.facebook.com\/digproab","article_published_time":"2024-08-27T07:47:58+00:00","article_modified_time":"2024-08-28T12:42:03+00:00","og_image":[{"width":1200,"height":800,"url":"https:\/\/digpro.com\/wp-content\/uploads\/2024\/08\/News_new-customers-summer-2024.jpg","type":"image\/jpeg"}],"author":"Barbara Schoell","twitter_card":"summary_large_image","twitter_misc":{"Skriven av":"Barbara Schoell","Ber\u00e4knad l\u00e4stid":"1 minut"},"schema":{"@context":"https:\/\/schema.org","@graph":[{"@type":"Article","@id":"https:\/\/digpro.com\/sv\/nyheter\/digpro-valkomnar-nya-kunder-inom-telekom\/#article","isPartOf":{"@id":"https:\/\/digpro.com\/sv\/nyheter\/digpro-valkomnar-nya-kunder-inom-telekom\/"},"author":{"name":"Barbara Schoell","@id":"https:\/\/digpro.com\/sv\/#\/schema\/person\/5824a7dcc3f87318e6114bad8d03a075"},"headline":"Digpro v\u00e4lkomnar nya kunder inom telekom","datePublished":"2024-08-27T07:47:58+00:00","dateModified":"2024-08-28T12:42:03+00:00","mainEntityOfPage":{"@id":"https:\/\/digpro.com\/sv\/nyheter\/digpro-valkomnar-nya-kunder-inom-telekom\/"},"wordCount":86,"publisher":{"@id":"https:\/\/digpro.com\/sv\/#organization"},"image":{"@id":"https:\/\/digpro.com\/sv\/nyheter\/digpro-valkomnar-nya-kunder-inom-telekom\/#primaryimage"},"thumbnailUrl":"https:\/\/digpro.com\/wp-content\/uploads\/2024\/08\/News_new-customers-summer-2024.jpg","articleSection":["Nyheter"],"inLanguage":"sv-SE"},{"@type":"WebPage","@id":"https:\/\/digpro.com\/sv\/nyheter\/digpro-valkomnar-nya-kunder-inom-telekom\/","url":"https:\/\/digpro.com\/sv\/nyheter\/digpro-valkomnar-nya-kunder-inom-telekom\/","name":"Digpro v\u00e4lkomnar nya kunder inom telekom - Digpro (SE)","isPartOf":{"@id":"https:\/\/digpro.com\/sv\/#website"},"primaryImageOfPage":{"@id":"https:\/\/digpro.com\/sv\/nyheter\/digpro-valkomnar-nya-kunder-inom-telekom\/#primaryimage"},"image":{"@id":"https:\/\/digpro.com\/sv\/nyheter\/digpro-valkomnar-nya-kunder-inom-telekom\/#primaryimage"},"thumbnailUrl":"https:\/\/digpro.com\/wp-content\/uploads\/2024\/08\/News_new-customers-summer-2024.jpg","datePublished":"2024-08-27T07:47:58+00:00","dateModified":"2024-08-28T12:42:03+00:00","description":"Under sommaren har inte mindre \u00e4n sex f\u00f6retag fattat beslutet att anv\u00e4nda dpCom som st\u00f6d f\u00f6r sin fiberverksamhet.","breadcrumb":{"@id":"https:\/\/digpro.com\/sv\/nyheter\/digpro-valkomnar-nya-kunder-inom-telekom\/#breadcrumb"},"inLanguage":"sv-SE","potentialAction":[{"@type":"ReadAction","target":["https:\/\/digpro.com\/sv\/nyheter\/digpro-valkomnar-nya-kunder-inom-telekom\/"]}]},{"@type":"ImageObject","inLanguage":"sv-SE","@id":"https:\/\/digpro.com\/sv\/nyheter\/digpro-valkomnar-nya-kunder-inom-telekom\/#primaryimage","url":"https:\/\/digpro.com\/wp-content\/uploads\/2024\/08\/News_new-customers-summer-2024.jpg","contentUrl":"https:\/\/digpro.com\/wp-content\/uploads\/2024\/08\/News_new-customers-summer-2024.jpg","width":1200,"height":800},{"@type":"BreadcrumbList","@id":"https:\/\/digpro.com\/sv\/nyheter\/digpro-valkomnar-nya-kunder-inom-telekom\/#breadcrumb","itemListElement":[{"@type":"ListItem","position":1,"name":"Home","item":"https:\/\/digpro.com\/sv\/"},{"@type":"ListItem","position":2,"name":"Digpro v\u00e4lkomnar nya kunder inom telekom"}]},{"@type":"WebSite","@id":"https:\/\/digpro.com\/sv\/#website","url":"https:\/\/digpro.com\/sv\/","name":"Digpro (SE)","description":"Leading geographic information technologies","publisher":{"@id":"https:\/\/digpro.com\/sv\/#organization"},"potentialAction":[{"@type":"SearchAction","target":{"@type":"EntryPoint","urlTemplate":"https:\/\/digpro.com\/sv\/?s={search_term_string}"},"query-input":{"@type":"PropertyValueSpecification","valueRequired":true,"valueName":"search_term_string"}}],"inLanguage":"sv-SE"},{"@type":"Organization","@id":"https:\/\/digpro.com\/sv\/#organization","name":"Digpro","url":"https:\/\/digpro.com\/sv\/","logo":{"@type":"ImageObject","inLanguage":"sv-SE","@id":"https:\/\/digpro.com\/sv\/#\/schema\/logo\/image\/","url":"https:\/\/digpro.com\/wp-content\/uploads\/2020\/09\/1_Digpro_logo_vektor_pos.svg","contentUrl":"https:\/\/digpro.com\/wp-content\/uploads\/2020\/09\/1_Digpro_logo_vektor_pos.svg","width":1,"height":1,"caption":"Digpro"},"image":{"@id":"https:\/\/digpro.com\/sv\/#\/schema\/logo\/image\/"},"sameAs":["https:\/\/www.facebook.com\/digproab","https:\/\/www.instagram.com\/lifeatdigpro\/","https:\/\/www.linkedin.com\/company\/digpro-ab\/"]},{"@type":"Person","@id":"https:\/\/digpro.com\/sv\/#\/schema\/person\/5824a7dcc3f87318e6114bad8d03a075","name":"Barbara Schoell","image":{"@type":"ImageObject","inLanguage":"sv-SE","@id":"https:\/\/digpro.com\/sv\/#\/schema\/person\/image\/","url":"https:\/\/secure.gravatar.com\/avatar\/ddc3f7536818bc02a7cf55d9dcb713728324aeb9573549230fdf879fe8e49593?s=96&d=mm&r=g","contentUrl":"https:\/\/secure.gravatar.com\/avatar\/ddc3f7536818bc02a7cf55d9dcb713728324aeb9573549230fdf879fe8e49593?s=96&d=mm&r=g","caption":"Barbara Schoell"}}]}},"publishpress_future_action":{"enabled":false,"date":"2026-05-06 07:19:37","action":"change-status","newStatus":"draft","terms":[],"taxonomy":"category","extraData":[]},"publishpress_future_workflow_manual_trigger":{"enabledWorkflows":[]},"_links":{"self":[{"href":"https:\/\/digpro.com\/sv\/wp-json\/wp\/v2\/posts\/34453","targetHints":{"allow":["GET"]}}],"collection":[{"href":"https:\/\/digpro.com\/sv\/wp-json\/wp\/v2\/posts"}],"about":[{"href":"https:\/\/digpro.com\/sv\/wp-json\/wp\/v2\/types\/post"}],"author":[{"embeddable":true,"href":"https:\/\/digpro.com\/sv\/wp-json\/wp\/v2\/users\/4"}],"replies":[{"embeddable":true,"href":"https:\/\/digpro.com\/sv\/wp-json\/wp\/v2\/comments?post=34453"}],"version-history":[{"count":3,"href":"https:\/\/digpro.com\/sv\/wp-json\/wp\/v2\/posts\/34453\/revisions"}],"predecessor-version":[{"id":34464,"href":"https:\/\/digpro.com\/sv\/wp-json\/wp\/v2\/posts\/34453\/revisions\/34464"}],"wp:featuredmedia":[{"embeddable":true,"href":"https:\/\/digpro.com\/sv\/wp-json\/wp\/v2\/media\/34462"}],"wp:attachment":[{"href":"https:\/\/digpro.com\/sv\/wp-json\/wp\/v2\/media?parent=34453"}],"wp:term":[{"taxonomy":"category","embeddable":true,"href":"https:\/\/digpro.com\/sv\/wp-json\/wp\/v2\/categories?post=34453"},{"taxonomy":"post_tag","embeddable":true,"href":"https:\/\/digpro.com\/sv\/wp-json\/wp\/v2\/tags?post=34453"}],"curies":[{"name":"wp","href":"https:\/\/api.w.org\/{rel}","templated":true}]}}